{"id":14217,"date":"2024-08-19T16:10:01","date_gmt":"2024-08-19T16:10:01","guid":{"rendered":"https:\/\/ensogallery.com\/?p=14217"},"modified":"2025-06-25T16:24:43","modified_gmt":"2025-06-25T16:24:43","slug":"enso-art-gallery-en-es-diari-de-menorca-luz-mediterranea-y-sombra-oriental","status":"publish","type":"post","link":"https:\/\/ensogallery.com\/en\/enso-art-gallery-en-es-diari-de-menorca-luz-mediterranea-y-sombra-oriental\/","title":{"rendered":"Ens\u014d Art Gallery en Es Diari de Menorca: Luz Mediterr\u00e1nea y Sombra Oriental"},"content":{"rendered":"\n<p>En <strong>Ens\u014d Art Gallery<\/strong>, estamos emocionados de compartir con todos vosotros nuestra m\u00e1s reciente exposici\u00f3n, &#8220;Luz mediterr\u00e1nea y sombra oriental&#8221;. Esta muestra es un homenaje a la uni\u00f3n de dos mundos, donde la luz c\u00e1lida del Mediterr\u00e1neo se encuentra con la enigm\u00e1tica sombra del Oriente, creando un di\u00e1logo visual que invita a la reflexi\u00f3n y la admiraci\u00f3n.<\/p>\n\n\n\n<p>Nos llena de orgullo haber sido destacados en <strong>Es Diari de Menorca<\/strong>, donde han reconocido nuestro esfuerzo por ofrecer una experiencia art\u00edstica \u00fanica en la isla. Puedes leer el art\u00edculo completo <a href=\"https:\/\/www.menorca.info\/menorca\/cultura\/2024\/08\/12\/2221245\/luz-mediterranea-sombra-oriental-enso-art-gallery-mao.html\">aqu\u00ed<\/a>.<\/p>\n\n\n\n<p>Os invitamos a visitarnos en Mah\u00f3n y a sumergiros en esta traves\u00eda cultural que celebra la belleza y la diversidad del arte.<\/p>\n","protected":false},"excerpt":{"rendered":"<p>En Ens\u014d Art Gallery, estamos emocionados de compartir con todos vosotros nuestra m\u00e1s reciente exposici\u00f3n, &#8220;Luz mediterr\u00e1nea y sombra oriental&#8221;. Esta muestra [&hellip;]<\/p>\n","protected":false},"author":2,"featured_media":14218,"comment_status":"closed","ping_status":"closed","sticky":false,"template":"","format":"standard","meta":{"_acf_changed":false,"wds_primary_category":70,"footnotes":""},"categories":[70],"tags":[],"class_list":["post-14217","post","type-post","status-publish","format-standard","has-post-thumbnail","hentry","category-media"],"acf":[],"_links":{"self":[{"href":"https:\/\/ensogallery.com\/en\/wp-json\/wp\/v2\/posts\/14217","targetHints":{"allow":["GET"]}}],"collection":[{"href":"https:\/\/ensogallery.com\/en\/wp-json\/wp\/v2\/posts"}],"about":[{"href":"https:\/\/ensogallery.com\/en\/wp-json\/wp\/v2\/types\/post"}],"author":[{"embeddable":true,"href":"https:\/\/ensogallery.com\/en\/wp-json\/wp\/v2\/users\/2"}],"replies":[{"embeddable":true,"href":"https:\/\/ensogallery.com\/en\/wp-json\/wp\/v2\/comments?post=14217"}],"version-history":[{"count":3,"href":"https:\/\/ensogallery.com\/en\/wp-json\/wp\/v2\/posts\/14217\/revisions"}],"predecessor-version":[{"id":14338,"href":"https:\/\/ensogallery.com\/en\/wp-json\/wp\/v2\/posts\/14217\/revisions\/14338"}],"wp:featuredmedia":[{"embeddable":true,"href":"https:\/\/ensogallery.com\/en\/wp-json\/wp\/v2\/media\/14218"}],"wp:attachment":[{"href":"https:\/\/ensogallery.com\/en\/wp-json\/wp\/v2\/media?parent=14217"}],"wp:term":[{"taxonomy":"category","embeddable":true,"href":"https:\/\/ensogallery.com\/en\/wp-json\/wp\/v2\/categories?post=14217"},{"taxonomy":"post_tag","embeddable":true,"href":"https:\/\/ensogallery.com\/en\/wp-json\/wp\/v2\/tags?post=14217"}],"curies":[{"name":"wp","href":"https:\/\/api.w.org\/{rel}","templated":true}]}}